{"id":1281,"date":"2025-10-16T10:44:14","date_gmt":"2025-10-16T10:44:14","guid":{"rendered":"https:\/\/internationalforum.bmj.com\/oslo\/?p=1281"},"modified":"2026-03-06T14:04:28","modified_gmt":"2026-03-06T14:04:28","slug":"e2-co-creating-better-elder-care","status":"publish","type":"post","link":"https:\/\/internationalforum.bmj.com\/oslo\/2025\/10\/16\/e2-co-creating-better-elder-care\/","title":{"rendered":"E2: Co-creating better elder care"},"content":{"rendered":"<br><p><span style=\"color: #000000;\"><em><strong>Wednesday 11 March 2026 | <span data-sheets-root=\"1\">13:00 &#8211; 14:00<\/span><br><br>Stream: Populations<br>Chair: <\/strong><\/em><a href=\"https:\/\/internationalforum.bmj.com\/oslo\/2025\/10\/16\/jesper-ekberg\/\"><strong>Jesper Ekberg;<\/strong><\/a> Sweden<\/span><\/p><br><p><span data-sheets-root=\"1\">Elder care systems across Europe face the dual challenge of meeting complex needs while ensuring dignity, safety, and meaningful involvement of older adults and their families. This session highlights two initiatives that show how listening and co-creating with older people can drive powerful change. In Oslo, systematic use of patient, family, and staff experience data has uncovered blind spots, challenged assumptions, and reshaped governance in municipal nursing homes. In Iceland, a national campaign co-developed with senior citizens empowered older adults to critically engage with sleeping medication use, sparking widespread conversations and measurable behaviour change. Together, these cases demonstrate how embracing lived experience &#8211; not as anecdote but as evidence and leadership &#8211; creates more responsive, equitable, and sustainable elder car.<\/span><\/p><br><p>\u00a0<\/p><br><p><strong>Part 1 &#8211; Whose experience counts? Listening across voices in elder care<\/strong><\/p><br><p>\u00a0<\/p><br><p><span data-sheets-root=\"1\">Patients, relatives and staff rarely tell the same story about quality. Using PREMs, PROMs and family surveys, we triangulated divergent views to surface blind spots and drive dialogue. The session shares methods, surprises and governance lessons from three years of systematic experience measurement.<\/span><\/p><br><p><span data-sheets-root=\"1\"><strong><a href=\"https:\/\/internationalforum.bmj.com\/oslo\/2026\/02\/24\/froydis-rikenberg\/\">Froydis Rikenberg<\/a><\/strong> Oslo Municipality &#8211; Agency for Nursing Homes; Norway<br><\/span><\/p><br><p>\u00a0<\/p><br><p><strong>Part 2 &#8211; Nationwide awareness campaign on feasible and effective use of sleeping medication among older adults in Iceland using patient\/public engagement<\/strong><\/p><br><p><span data-sheets-root=\"1\">This presentation will showcase Sof\u00f0uvel, a national public awareness campaign in Iceland aimed at reducing the overuse of sleeping medications among older adults. Delegates will learn how the campaign addressed the risks and limited benefits of these medications, and how it empowered older adults through a Patient\/Public Engagement (PPE) approach.<\/span><\/p><br><p><span data-sheets-root=\"1\">The campaign was co-developed with eight senior representatives from National Association of Senior Citizens (LEB) and utilized low-cost strategies including printed materials, media outreach, and social media. It reached thousands across Iceland and resulted in meaningful behavior change: 45% of surveyed users reported reducing or stopping their medication use after engaging with campaign materials.<\/span><\/p><br><p><span data-sheets-root=\"1\">Attendees will gain insights into designing medication awareness initiatives with older populations, and how LEB as an organization engaged and listened to their communities. This session is relevant for public health professionals, policymakers, researchers, and advocates aiming to involve older adults as active partners in health campaigns.<\/span><\/p><br><p>\u00a0<\/p><br><p><span data-sheets-root=\"1\"><strong><a href=\"https:\/\/internationalforum.bmj.com\/oslo\/2025\/10\/16\/anna-birna-almarsdottir\/\">Anna Birna Almarsd\u00f3ttir<\/a> <\/strong>University of Copenhagen; Denmark<br><strong><a href=\"https:\/\/internationalforum.bmj.com\/oslo\/2025\/10\/16\/drifa-sigfusdottir\/\">Dr\u00edfa Sigf\u00fasd\u00f3ttir<\/a> <\/strong>Representative of people with lived experience<br><\/span><\/p><br><p>\u00a0<\/p><br>","protected":false},"excerpt":{"rendered":"<p>Wednesday 11 March 2026 | 13:00 &#8211; 14:00Stream: PopulationsChair: Jesper Ekberg; SwedenElder care systems across Europe face the dual challenge of meeting complex needs while ensuring dignity, safety, and meaningful involvement of older adults and their families. This session highlights two initiatives that show how listening and co-creating with older people can drive powerful change. [&hellip;]<\/p>\n","protected":false},"author":32,"featured_media":0,"comment_status":"open","ping_status":"open","sticky":false,"template":"","format":"standard","meta":{"footnotes":""},"categories":[1],"tags":[],"class_list":["post-1281","post","type-post","status-publish","format-standard","hentry","category-uncategorized"],"acf":[],"aioseo_notices":[],"_links":{"self":[{"href":"https:\/\/internationalforum.bmj.com\/oslo\/wp-json\/wp\/v2\/posts\/1281","targetHints":{"allow":["GET"]}}],"collection":[{"href":"https:\/\/internationalforum.bmj.com\/oslo\/wp-json\/wp\/v2\/posts"}],"about":[{"href":"https:\/\/internationalforum.bmj.com\/oslo\/wp-json\/wp\/v2\/types\/post"}],"author":[{"embeddable":true,"href":"https:\/\/internationalforum.bmj.com\/oslo\/wp-json\/wp\/v2\/users\/32"}],"replies":[{"embeddable":true,"href":"https:\/\/internationalforum.bmj.com\/oslo\/wp-json\/wp\/v2\/comments?post=1281"}],"version-history":[{"count":0,"href":"https:\/\/internationalforum.bmj.com\/oslo\/wp-json\/wp\/v2\/posts\/1281\/revisions"}],"wp:attachment":[{"href":"https:\/\/internationalforum.bmj.com\/oslo\/wp-json\/wp\/v2\/media?parent=1281"}],"wp:term":[{"taxonomy":"category","embeddable":true,"href":"https:\/\/internationalforum.bmj.com\/oslo\/wp-json\/wp\/v2\/categories?post=1281"},{"taxonomy":"post_tag","embeddable":true,"href":"https:\/\/internationalforum.bmj.com\/oslo\/wp-json\/wp\/v2\/tags?post=1281"}],"curies":[{"name":"wp","href":"https:\/\/api.w.org\/{rel}","templated":true}]}}