{"id":580,"date":"2024-11-15T11:15:19","date_gmt":"2024-11-15T11:15:19","guid":{"rendered":"https:\/\/internationalforum.bmj.com\/utrecht\/?p=580"},"modified":"2025-04-08T12:59:20","modified_gmt":"2025-04-08T12:59:20","slug":"br16-francophone-huddle","status":"publish","type":"post","link":"https:\/\/internationalforum.bmj.com\/utrecht\/2024\/11\/15\/br16-francophone-huddle\/","title":{"rendered":"BR16: R\u00e9seau Francophone pour l\u2019Am\u00e9lioration de la Qualit\u00e9 (RFAQ) &#8211; Francophone Improvers Huddle"},"content":{"rendered":"<br><p><em><strong>Thursday 22 May 2025 | 08:00-08:45<\/strong><\/em><\/p><br><p><em><strong>Format: Networking<\/strong><\/em><\/p><br><p>Calling all French speakers! Join us for a breakfast session where you can meet fellow Francophone improvers and discuss the Francophone Network and key learning goals for the Forum.<\/p><br><p>Venez d\u00e9couvrir une communaut\u00e9 de plus de 500 professionnels : le r\u00e9seau francophone pour l\u2019am\u00e9lioration de la qualit\u00e9 durant cette session matinale. Plus d\u2019information sur LinkedIn: <a href=\"https:\/\/www.linkedin.com\/groups\/12988753\" target=\"_blank\" rel=\"noopener\">https:\/\/www.linkedin.com\/groups\/12988753<\/a><\/p><br><p><a href=\"https:\/\/internationalforum.bmj.com\/utrecht\/2025\/01\/10\/anthony-staines\/\"><b>Anthony Staines<\/b><\/a><span style=\"font-weight: 400;\"> F\u00e9d\u00e9ration des h\u00f4pitaux vaudois; Switzerland<\/span><\/p><br><p><a href=\"https:\/\/internationalforum.bmj.com\/utrecht\/2024\/11\/20\/mathieu-louiset\/\"><b>Mathieu Louiset<\/b><\/a><span style=\"font-weight: 400;\">\u00a0PAQS Belgium; Belgium<\/span><\/p><br><p><a href=\"https:\/\/internationalforum.bmj.com\/utrecht\/2024\/11\/14\/pierre-barker\/\"><b>Pierre Barker <\/b><\/a><span style=\"font-weight: 400;\">Institute for Healthcare Improvement (IHI); USA<\/span><\/p><br><p><a href=\"https:\/\/internationalforum.bmj.com\/utrecht\/2025\/01\/24\/james-mountford\/\"><b>James Mountford <\/b><\/a><span style=\"font-weight: 400;\">Galileo Global Education; France<\/span><\/p><br><p><a href=\"https:\/\/internationalforum.bmj.com\/utrecht\/2024\/11\/13\/angela-zambeaux\/\"><b>Angela Zambeaux <\/b><\/a><span style=\"font-weight: 400;\">Institute for Healthcare Improvement (IHI); France<\/span><\/p><br><p>\u00a0<\/p><br><br><p><\/p><br>","protected":false},"excerpt":{"rendered":"<p>Thursday 22 May 2025 | 08:00-08:45Format: NetworkingCalling all French speakers! Join us for a breakfast session where you can meet fellow Francophone improvers and discuss the Francophone Network and key learning goals for the Forum.Venez d\u00e9couvrir une communaut\u00e9 de plus de 500 professionnels : le r\u00e9seau francophone pour l\u2019am\u00e9lioration de la qualit\u00e9 durant cette session [&hellip;]<\/p>\n","protected":false},"author":1,"featured_media":0,"comment_status":"open","ping_status":"open","sticky":false,"template":"","format":"standard","meta":{"footnotes":""},"categories":[1],"tags":[],"class_list":["post-580","post","type-post","status-publish","format-standard","hentry","category-uncategorized"],"acf":[],"aioseo_notices":[],"_links":{"self":[{"href":"https:\/\/internationalforum.bmj.com\/utrecht\/wp-json\/wp\/v2\/posts\/580","targetHints":{"allow":["GET"]}}],"collection":[{"href":"https:\/\/internationalforum.bmj.com\/utrecht\/wp-json\/wp\/v2\/posts"}],"about":[{"href":"https:\/\/internationalforum.bmj.com\/utrecht\/wp-json\/wp\/v2\/types\/post"}],"author":[{"embeddable":true,"href":"https:\/\/internationalforum.bmj.com\/utrecht\/wp-json\/wp\/v2\/users\/1"}],"replies":[{"embeddable":true,"href":"https:\/\/internationalforum.bmj.com\/utrecht\/wp-json\/wp\/v2\/comments?post=580"}],"version-history":[{"count":0,"href":"https:\/\/internationalforum.bmj.com\/utrecht\/wp-json\/wp\/v2\/posts\/580\/revisions"}],"wp:attachment":[{"href":"https:\/\/internationalforum.bmj.com\/utrecht\/wp-json\/wp\/v2\/media?parent=580"}],"wp:term":[{"taxonomy":"category","embeddable":true,"href":"https:\/\/internationalforum.bmj.com\/utrecht\/wp-json\/wp\/v2\/categories?post=580"},{"taxonomy":"post_tag","embeddable":true,"href":"https:\/\/internationalforum.bmj.com\/utrecht\/wp-json\/wp\/v2\/tags?post=580"}],"curies":[{"name":"wp","href":"https:\/\/api.w.org\/{rel}","templated":true}]}}